{"id":2059,"date":"2021-04-25T18:37:30","date_gmt":"2021-04-25T17:37:30","guid":{"rendered":"http:\/\/www.knichip.pw.edu.pl\/?p=2059"},"modified":"2021-04-25T20:22:23","modified_gmt":"2021-04-25T19:22:23","slug":"eyec-2021","status":"publish","type":"post","link":"https:\/\/www.knichip.pw.edu.pl\/?p=2059","title":{"rendered":"EYEC 2021"},"content":{"rendered":"\t\t<div data-elementor-type=\"wp-post\" data-elementor-id=\"2059\" class=\"elementor elementor-2059\">\n\t\t\t\t\t\t<section class=\"elementor-section elementor-top-section elementor-element elementor-element-3cccfe1d elementor-section-boxed elementor-section-height-default elementor-section-height-default\" data-id=\"3cccfe1d\" data-element_type=\"section\">\n\t\t\t\t\t\t<div class=\"elementor-container elementor-column-gap-default\">\n\t\t\t\t\t<div class=\"elementor-column elementor-col-100 elementor-top-column elementor-element elementor-element-2eeb5781\" data-id=\"2eeb5781\" data-element_type=\"column\">\n\t\t\t<div class=\"elementor-widget-wrap elementor-element-populated\">\n\t\t\t\t\t\t<div class=\"elementor-element elementor-element-12727580 elementor-widget elementor-widget-text-editor\" data-id=\"12727580\" data-element_type=\"widget\" data-widget_type=\"text-editor.default\">\n\t\t\t\t<div class=\"elementor-widget-container\">\n\t\t\t\t\t\t\t\t\t<p><\/p>\n<p style=\"text-align: center;\">W dniach 19-21 kwietnia 2021 roku odby\u0142a si\u0119 po raz kolejny nasza konferencja EYEC, pierwszy raz w formie zdalnej. Za organizacj\u0119 wydarzenia by\u0142o odpowiedzialnych o\u015bmiu koordynator\u00f3w: Dominika Kasprzak \u2013 koordynator g\u0142\u00f3wny, Weronika Berent \u2013 koordynator logistyki, Sandra Mochtak \u2013 koordynator sponsoringu, Izabela S\u0142omska i Marek Sutkowski \u2013 koordynatorzy medi\u00f3w, Maria Zi\u0105bska \u2013 koordynator sekcji monografii, Jan Bartha \u2013 koordynator kontaktu, Monika Klimek \u2013 koordynator sekcji grafiki.<\/p>\n<p><\/p>\n<p><\/p>\n<figure class=\"wp-block-image\"><img fetchpriority=\"high\" decoding=\"async\" width=\"724\" height=\"1024\" class=\"wp-image-2060\" src=\"http:\/\/www.knichip.pw.edu.pl\/wp-content\/uploads\/2021\/04\/Plakat-konferencji-EYEC-724x1024.png\" alt=\"\" srcset=\"https:\/\/www.knichip.pw.edu.pl\/wp-content\/uploads\/2021\/04\/Plakat-konferencji-EYEC-724x1024.png 724w, https:\/\/www.knichip.pw.edu.pl\/wp-content\/uploads\/2021\/04\/Plakat-konferencji-EYEC-212x300.png 212w, https:\/\/www.knichip.pw.edu.pl\/wp-content\/uploads\/2021\/04\/Plakat-konferencji-EYEC-768x1086.png 768w, https:\/\/www.knichip.pw.edu.pl\/wp-content\/uploads\/2021\/04\/Plakat-konferencji-EYEC.png 842w\" sizes=\"(max-width: 724px) 100vw, 724px\" \/><\/figure>\n<p><\/p>\n<p><\/p>\n<p style=\"text-align: center;\">W tym roku w konferencji wzi\u0119\u0142o udzia\u0142 ponad 150 os\u00f3b, z czego 59 os\u00f3b przedstawi\u0142o prezentacje ustne w 10 sesjach plenarnych, a 42 osoby zaprezentowa\u0142y swoje plakaty na \u0142\u0105cznie 3 sesjach plakatowych. Uczestnicy byli oceniani przez 6 cz\u0142onk\u00f3w Komisji Naukowej. W czasie wydarzenia odby\u0142o si\u0119 \u0142\u0105cznie 5 wyk\u0142ad\u00f3w Go\u015bci Specjalnych. Podczas wydarzenia odby\u0142 si\u0119 panel dyskusyjny na temat \u201eAll you want to know about vaccines\u201d, w kt\u00f3rym wzi\u0119li udzia\u0142: dr in\u017c. Jakub Trzci\u0144ski jako przedstawiciel naszego wydzia\u0142u, dr n. med. Ewa Talarek \u2013 cz\u0142onek zarz\u0105du Polskiego Towarzystwa Wakcynologii oraz Adrian Macion \u2013 cz\u0142onek zarz\u0105du Warszawskiego Stowarzyszenia Biotechnologicznego \u201eSymbioza\u201d.\u00a0<\/p>\n<p style=\"text-align: center;\">Uda\u0142o si\u0119 r\u00f3wnie\u017c utworzy\u0107 monografi\u0119 konferencyjn\u0105, kt\u00f3ra sk\u0142ada si\u0119 z ponad 180 stron zape\u0142nionych \u0142\u0105cznie 15 artyku\u0142ami i\u00a0 100 abstraktami uczestnik\u00f3w &#8211;&gt; <a style=\"background-color: #ffffff;\" href=\"https:\/\/wutwaw-my.sharepoint.com\/personal\/01141303_pw_edu_pl\/_layouts\/15\/onedrive.aspx?id=%2Fpersonal%2F01141303%5Fpw%5Fedu%5Fpl%2FDocuments%2FMonografia%209th%2FMonografia%5FEYEC%5F9th%2Epdf&amp;parent=%2Fpersonal%2F01141303%5Fpw%5Fedu%5Fpl%2FDocuments%2FMonografia%209th&amp;originalPath=aHR0cHM6Ly93dXR3YXctbXkuc2hhcmVwb2ludC5jb20vOmI6L2cvcGVyc29uYWwvMDExNDEzMDNfcHdfZWR1X3BsL0Vhek00WWdqV3FoRWdDblAwU2VST3dBQm5qTlhiU3B2QVd5RkxGMm9QcjdfZEE%5FcnRpbWU9aGNqcnhROEkyVWc\">MONOGRAFIA<\/a><\/p>\n<p><\/p>\n<p><\/p>\n<p style=\"text-align: center;\">Dodatkowo nawi\u0105zali\u015bmy wsp\u00f3\u0142prac\u0119 z teatrem angloj\u0119zycznym z Uniwersytetu Warszawskiego \u201eThe Cheerful Hamlets\u201d \u2013 cz\u0142onkinie tej organizacji by\u0142y odpowiedzialne za atrakcj\u0119 dla uczestnik\u00f3w w postaci quizu i wyst\u0119p\u00f3w teatralnych.<\/p>\n<p><\/p>\n<p><\/p>\n<p style=\"text-align: center;\">Konferencja zosta\u0142a obj\u0119ta \u0142\u0105cznie osiemnastoma patronatami medialnymi, w sk\u0142ad patron\u00f3w wchodz\u0105 m. in. Ministerstwo Edukacji i Nauki, Polska Izba Przemys\u0142u Chemicznego, Marsza\u0142ek Wojew\u00f3dztwa Mazowieckiego czy Parlament Student\u00f3w Rzeczypospolitej Polskiej&#8211;&gt; <a href=\"https:\/\/www.eyec.ichip.pw.edu.pl\/?page_id=4370\">PATRONI<\/a><\/p>\n<p><\/p>\n<p><\/p>\n<figure class=\"wp-block-image\"><img decoding=\"async\" width=\"1024\" height=\"245\" class=\"wp-image-2062\" src=\"http:\/\/www.knichip.pw.edu.pl\/wp-content\/uploads\/2021\/04\/image-1-1024x245.png\" alt=\"\" srcset=\"https:\/\/www.knichip.pw.edu.pl\/wp-content\/uploads\/2021\/04\/image-1-1024x245.png 1024w, https:\/\/www.knichip.pw.edu.pl\/wp-content\/uploads\/2021\/04\/image-1-300x72.png 300w, https:\/\/www.knichip.pw.edu.pl\/wp-content\/uploads\/2021\/04\/image-1-768x184.png 768w, https:\/\/www.knichip.pw.edu.pl\/wp-content\/uploads\/2021\/04\/image-1.png 1385w\" sizes=\"(max-width: 1024px) 100vw, 1024px\" \/><\/figure>\n<p><\/p>\n<p><\/p>\n<p style=\"text-align: center;\">9 edycja European Young Engineers Conference okaza\u0142a si\u0119 wielkim sukcesem. Mamy nadziej\u0119, \u017ce za rok widzimy i s\u0142yszymy si\u0119 w podobnym lub jeszcze wi\u0119kszym sk\u0142adzie <img decoding=\"async\" class=\"emoji\" draggable=\"false\" src=\"https:\/\/s.w.org\/images\/core\/emoji\/11.2.0\/svg\/1f600.svg\" alt=\"\ud83d\ude00\" \/><\/p>\n<p style=\"text-align: center;\">Zach\u0119camy do obserwowania naszych medi\u00f3w konferencji:<\/p>\n<p><\/p>\n<p><\/p>\n<p><\/p>\t\t\t\t\t\t\t\t<\/div>\n\t\t\t\t<\/div>\n\t\t\t\t<div class=\"elementor-element elementor-element-ea1eafc elementor-shape-rounded elementor-grid-0 e-grid-align-center elementor-widget elementor-widget-social-icons\" data-id=\"ea1eafc\" data-element_type=\"widget\" data-widget_type=\"social-icons.default\">\n\t\t\t\t<div class=\"elementor-widget-container\">\n\t\t\t\t\t\t\t<div class=\"elementor-social-icons-wrapper elementor-grid\">\n\t\t\t\t\t\t\t<span class=\"elementor-grid-item\">\n\t\t\t\t\t<a class=\"elementor-icon elementor-social-icon elementor-social-icon-facebook elementor-repeater-item-a87f927\" href=\"https:\/\/www.facebook.com\/EYEC.WUT\/?fref=ts\" target=\"_blank\">\n\t\t\t\t\t\t<span class=\"elementor-screen-only\">Facebook<\/span>\n\t\t\t\t\t\t<i class=\"fab fa-facebook\"><\/i>\t\t\t\t\t<\/a>\n\t\t\t\t<\/span>\n\t\t\t\t\t\t\t<span class=\"elementor-grid-item\">\n\t\t\t\t\t<a class=\"elementor-icon elementor-social-icon elementor-social-icon-linkedin elementor-repeater-item-c6375d0\" href=\"https:\/\/www.linkedin.com\/company\/eyec-knichip\/\" target=\"_blank\">\n\t\t\t\t\t\t<span class=\"elementor-screen-only\">Linkedin<\/span>\n\t\t\t\t\t\t<i class=\"fab fa-linkedin\"><\/i>\t\t\t\t\t<\/a>\n\t\t\t\t<\/span>\n\t\t\t\t\t\t\t<span class=\"elementor-grid-item\">\n\t\t\t\t\t<a class=\"elementor-icon elementor-social-icon elementor-social-icon-wordpress elementor-repeater-item-898645c\" href=\"https:\/\/www.eyec.ichip.pw.edu.pl\/\" target=\"_blank\">\n\t\t\t\t\t\t<span class=\"elementor-screen-only\">WordPress<\/span>\n\t\t\t\t\t\t<i class=\"fab fa-wordpress\"><\/i>\t\t\t\t\t<\/a>\n\t\t\t\t<\/span>\n\t\t\t\t\t<\/div>\n\t\t\t\t\t\t<\/div>\n\t\t\t\t<\/div>\n\t\t\t\t\t<\/div>\n\t\t<\/div>\n\t\t\t\t\t<\/div>\n\t\t<\/section>\n\t\t\t\t<\/div>\n\t\t","protected":false},"excerpt":{"rendered":"<p>W dniach 19-21 kwietnia 2021 roku odby\u0142a si\u0119 po raz kolejny nasza konferencja EYEC, pierwszy raz w formie zdalnej. Za organizacj\u0119 wydarzenia by\u0142o odpowiedzialnych o\u015bmiu koordynator\u00f3w: Dominika Kasprzak \u2013 koordynator g\u0142\u00f3wny, Weronika Berent \u2013 koordynator logistyki, Sandra Mochtak \u2013 koordynator sponsoringu, Izabela S\u0142omska i Marek Sutkowski \u2013 koordynatorzy medi\u00f3w, Maria Zi\u0105bska \u2013 koordynator sekcji monografii, &#8230; <a title=\"EYEC 2021\" class=\"read-more\" href=\"https:\/\/www.knichip.pw.edu.pl\/?p=2059\" aria-label=\"Read more about EYEC 2021\">Dowiedz si\u0119 wi\u0119cej<\/a><\/p>\n","protected":false},"author":21,"featured_media":0,"comment_status":"closed","ping_status":"open","sticky":false,"template":"","format":"standard","meta":{"footnotes":""},"categories":[1],"tags":[],"class_list":["post-2059","post","type-post","status-publish","format-standard","hentry","category-uncategorized"],"_links":{"self":[{"href":"https:\/\/www.knichip.pw.edu.pl\/index.php?rest_route=\/wp\/v2\/posts\/2059","targetHints":{"allow":["GET"]}}],"collection":[{"href":"https:\/\/www.knichip.pw.edu.pl\/index.php?rest_route=\/wp\/v2\/posts"}],"about":[{"href":"https:\/\/www.knichip.pw.edu.pl\/index.php?rest_route=\/wp\/v2\/types\/post"}],"author":[{"embeddable":true,"href":"https:\/\/www.knichip.pw.edu.pl\/index.php?rest_route=\/wp\/v2\/users\/21"}],"replies":[{"embeddable":true,"href":"https:\/\/www.knichip.pw.edu.pl\/index.php?rest_route=%2Fwp%2Fv2%2Fcomments&post=2059"}],"version-history":[{"count":6,"href":"https:\/\/www.knichip.pw.edu.pl\/index.php?rest_route=\/wp\/v2\/posts\/2059\/revisions"}],"predecessor-version":[{"id":2068,"href":"https:\/\/www.knichip.pw.edu.pl\/index.php?rest_route=\/wp\/v2\/posts\/2059\/revisions\/2068"}],"wp:attachment":[{"href":"https:\/\/www.knichip.pw.edu.pl\/index.php?rest_route=%2Fwp%2Fv2%2Fmedia&parent=2059"}],"wp:term":[{"taxonomy":"category","embeddable":true,"href":"https:\/\/www.knichip.pw.edu.pl\/index.php?rest_route=%2Fwp%2Fv2%2Fcategories&post=2059"},{"taxonomy":"post_tag","embeddable":true,"href":"https:\/\/www.knichip.pw.edu.pl\/index.php?rest_route=%2Fwp%2Fv2%2Ftags&post=2059"}],"curies":[{"name":"wp","href":"https:\/\/api.w.org\/{rel}","templated":true}]}}